{"id":3892,"date":"2020-08-12T13:18:52","date_gmt":"2020-08-12T12:18:52","guid":{"rendered":"http:\/\/2024.eret-tortechnik.de\/wordpress_2020\/?p=3892"},"modified":"2022-11-16T18:10:26","modified_gmt":"2022-11-16T17:10:26","slug":"extreme-windlasten","status":"publish","type":"post","link":"https:\/\/2024.eret-tortechnik.de\/nl\/extreme-windlasten\/","title":{"rendered":"Extreme Windlasten"},"content":{"rendered":"<p>[et_pb_section fb_built=&#8220;1&#8243; _builder_version=&#8220;4.16&#8243; global_colors_info=&#8220;{}&#8220;][et_pb_row _builder_version=&#8220;4.16&#8243; background_size=&#8220;initial&#8220; background_position=&#8220;top_left&#8220; background_repeat=&#8220;repeat&#8220; global_colors_info=&#8220;{}&#8220;][et_pb_column type=&#8220;4_4&#8243; _builder_version=&#8220;4.16&#8243; custom_padding=&#8220;|||&#8220; global_colors_info=&#8220;{}&#8220; custom_padding__hover=&#8220;|||&#8220;][et_pb_text _builder_version=&#8220;4.16&#8243; background_size=&#8220;initial&#8220; background_position=&#8220;top_left&#8220; background_repeat=&#8220;repeat&#8220; global_colors_info=&#8220;{}&#8220;]Das Eret Schnelllauftor AluLine ASE-S\/120 hat in der Gr\u00f6\u00dfe von 5 x 5 m soeben den Winddruck Test mit dem Maximalwert &#8222;Windklasse 5&#8220; bestanden. Damit ist das Schnelllauftor f\u00fcr Windst\u00e4rken oberhalb Windst\u00e4rke 12 (Orkan) getestet und zugelassen.<br \/>\nIn der Versuchsanordnung des T\u00dcV zeigte das Tor nur eine minimale Durchbiegung.<br \/>\n<img decoding=\"async\" src=\"http:\/\/2024.eret-tortechnik.de\/wp-content\/uploads\/2017\/08\/img_0395.jpg\" \/><br \/>\n[\/et_pb_text][\/et_pb_column][\/et_pb_row][\/et_pb_section]<\/p>\n","protected":false},"excerpt":{"rendered":"<p>Das Eret Schnelllauftor AluLine ASE-S\/120 hat in der Gr\u00f6\u00dfe von 5 x 5 m soeben den Winddruck Test mit dem Maximalwert &#8222;Windklasse 5&#8220; bestanden. Damit ist das Schnelllauftor f\u00fcr Windst\u00e4rken oberhalb Windst\u00e4rke 12 (Orkan) getestet und zugelassen. In der Versuchsanordnung des T\u00dcV zeigte das Tor nur eine minimale Durchbiegung.<\/p>","protected":false},"author":9,"featured_media":8613,"comment_status":"closed","ping_status":"closed","sticky":false,"template":"","format":"standard","meta":{"_acf_changed":false,"_et_pb_use_builder":"on","_et_pb_old_content":"<p>Das Eret Schnelllauftor AluLine ASE-S\/120 hat in der Gr\u00f6\u00dfe von 5 x 5 m soeben den Winddruck Test mit dem Maximalwert \"Windklasse 5\" bestanden. Damit ist das Schnelllauftor f\u00fcr Windst\u00e4rken oberhalb Windst\u00e4rke 12 (Orkan) getestet und zugelassen.<br \/>In der Versuchsanordnung des T\u00dcV zeigte das Tor nur eine minimale Durchbiegung.<br \/><img src=\"http:\/\/2024.eret-tortechnik.de\/wp-content\/uploads\/2017\/08\/img_0395.jpg\" \/><\/p>","_et_gb_content_width":"","footnotes":""},"categories":[489,6,1],"tags":[407,152,45,405,177,403],"class_list":["post-3892","post","type-post","status-publish","format-standard","has-post-thumbnail","hentry","category-aktuell","category-news","category-neuigkeiten","tag-aluline","tag-eret","tag-schnelllauftor","tag-tuev","tag-windlast","tag-windlasten"],"acf":[],"yoast_head":"<!-- This site is optimized with the Yoast SEO plugin v26.8 - https:\/\/yoast.com\/product\/yoast-seo-wordpress\/ -->\n<title>Extreme Windlasten - ProLine und AluLine Schnelllauftore<\/title>\n<meta name=\"robots\" content=\"index, follow, max-snippet:-1, max-image-preview:large, max-video-preview:-1\" \/>\n<link rel=\"canonical\" href=\"https:\/\/2024.eret-tortechnik.de\/nl\/extreme-windlasten\/\" \/>\n<meta property=\"og:locale\" content=\"nl_NL\" \/>\n<meta property=\"og:type\" content=\"article\" \/>\n<meta property=\"og:title\" content=\"Extreme Windlasten - ProLine und AluLine Schnelllauftore\" \/>\n<meta property=\"og:description\" content=\"Das Eret Schnelllauftor AluLine ASE-S\/120 hat in der Gr\u00f6\u00dfe von 5 x 5 m soeben den Winddruck Test mit dem Maximalwert &quot;Windklasse 5&quot; bestanden. Damit ist das Schnelllauftor f\u00fcr Windst\u00e4rken oberhalb Windst\u00e4rke 12 (Orkan) getestet und zugelassen. In der Versuchsanordnung des T\u00dcV zeigte das Tor nur eine minimale Durchbiegung.\" \/>\n<meta property=\"og:url\" content=\"https:\/\/2024.eret-tortechnik.de\/nl\/extreme-windlasten\/\" \/>\n<meta property=\"og:site_name\" content=\"ProLine und AluLine Schnelllauftore\" \/>\n<meta property=\"article:publisher\" content=\"https:\/\/www.facebook.com\/SchwaebischeTormanufaktur\" \/>\n<meta property=\"article:published_time\" content=\"2020-08-12T12:18:52+00:00\" \/>\n<meta property=\"article:modified_time\" content=\"2022-11-16T17:10:26+00:00\" \/>\n<meta property=\"og:image\" content=\"https:\/\/2024.eret-tortechnik.de\/wp-content\/uploads\/2020\/08\/ASE_S_120_BANNER_24.jpg\" \/>\n\t<meta property=\"og:image:width\" content=\"2000\" \/>\n\t<meta property=\"og:image:height\" content=\"1500\" \/>\n\t<meta property=\"og:image:type\" content=\"image\/jpeg\" \/>\n<meta name=\"author\" content=\"Simon Sch\u00e4ffer\" \/>\n<meta name=\"twitter:card\" content=\"summary_large_image\" \/>\n<meta name=\"twitter:label1\" content=\"Written by\" \/>\n\t<meta name=\"twitter:data1\" content=\"Simon Sch\u00e4ffer\" \/>\n\t<meta name=\"twitter:label2\" content=\"Est. reading time\" \/>\n\t<meta name=\"twitter:data2\" content=\"1 minute\" \/>\n<script type=\"application\/ld+json\" class=\"yoast-schema-graph\">{\"@context\":\"https:\/\/schema.org\",\"@graph\":[{\"@type\":\"Article\",\"@id\":\"https:\/\/2024.eret-tortechnik.de\/extreme-windlasten\/#article\",\"isPartOf\":{\"@id\":\"https:\/\/2024.eret-tortechnik.de\/extreme-windlasten\/\"},\"author\":{\"name\":\"Simon Sch\u00e4ffer\",\"@id\":\"https:\/\/2024.eret-tortechnik.de\/#\/schema\/person\/2630ed97717af66fe2a51be12ffe2ac6\"},\"headline\":\"Extreme Windlasten\",\"datePublished\":\"2020-08-12T12:18:52+00:00\",\"dateModified\":\"2022-11-16T17:10:26+00:00\",\"mainEntityOfPage\":{\"@id\":\"https:\/\/2024.eret-tortechnik.de\/extreme-windlasten\/\"},\"wordCount\":124,\"publisher\":{\"@id\":\"https:\/\/2024.eret-tortechnik.de\/#organization\"},\"image\":{\"@id\":\"https:\/\/2024.eret-tortechnik.de\/extreme-windlasten\/#primaryimage\"},\"thumbnailUrl\":\"https:\/\/2024.eret-tortechnik.de\/wp-content\/uploads\/2020\/08\/ASE_S_120_BANNER_24.jpg\",\"keywords\":[\"AluLine\",\"ERET\",\"Schnelllauftor\",\"T\u00dcV\",\"Windlast\",\"Windlasten\"],\"articleSection\":[\"Aktuell\",\"News\",\"Schnelllauftore: Neuigkeiten\"],\"inLanguage\":\"nl-NL-formal\"},{\"@type\":\"WebPage\",\"@id\":\"https:\/\/2024.eret-tortechnik.de\/extreme-windlasten\/\",\"url\":\"https:\/\/2024.eret-tortechnik.de\/extreme-windlasten\/\",\"name\":\"Extreme Windlasten - ProLine und AluLine Schnelllauftore\",\"isPartOf\":{\"@id\":\"https:\/\/2024.eret-tortechnik.de\/#website\"},\"primaryImageOfPage\":{\"@id\":\"https:\/\/2024.eret-tortechnik.de\/extreme-windlasten\/#primaryimage\"},\"image\":{\"@id\":\"https:\/\/2024.eret-tortechnik.de\/extreme-windlasten\/#primaryimage\"},\"thumbnailUrl\":\"https:\/\/2024.eret-tortechnik.de\/wp-content\/uploads\/2020\/08\/ASE_S_120_BANNER_24.jpg\",\"datePublished\":\"2020-08-12T12:18:52+00:00\",\"dateModified\":\"2022-11-16T17:10:26+00:00\",\"breadcrumb\":{\"@id\":\"https:\/\/2024.eret-tortechnik.de\/extreme-windlasten\/#breadcrumb\"},\"inLanguage\":\"nl-NL-formal\",\"potentialAction\":[{\"@type\":\"ReadAction\",\"target\":[\"https:\/\/2024.eret-tortechnik.de\/extreme-windlasten\/\"]}]},{\"@type\":\"ImageObject\",\"inLanguage\":\"nl-NL-formal\",\"@id\":\"https:\/\/2024.eret-tortechnik.de\/extreme-windlasten\/#primaryimage\",\"url\":\"https:\/\/2024.eret-tortechnik.de\/wp-content\/uploads\/2020\/08\/ASE_S_120_BANNER_24.jpg\",\"contentUrl\":\"https:\/\/2024.eret-tortechnik.de\/wp-content\/uploads\/2020\/08\/ASE_S_120_BANNER_24.jpg\",\"width\":2000,\"height\":1500},{\"@type\":\"BreadcrumbList\",\"@id\":\"https:\/\/2024.eret-tortechnik.de\/extreme-windlasten\/#breadcrumb\",\"itemListElement\":[{\"@type\":\"ListItem\",\"position\":1,\"name\":\"Startseite\",\"item\":\"https:\/\/2024.eret-tortechnik.de\/\"},{\"@type\":\"ListItem\",\"position\":2,\"name\":\"Extreme Windlasten\"}]},{\"@type\":\"WebSite\",\"@id\":\"https:\/\/2024.eret-tortechnik.de\/#website\",\"url\":\"https:\/\/2024.eret-tortechnik.de\/\",\"name\":\"ProLine und AluLine Schnelllauftore\",\"description\":\"Alu-Schnelllauftore  |  flexible Schnelllauftore  |  Design Rolltore  |  individueller Torbau\",\"publisher\":{\"@id\":\"https:\/\/2024.eret-tortechnik.de\/#organization\"},\"potentialAction\":[{\"@type\":\"SearchAction\",\"target\":{\"@type\":\"EntryPoint\",\"urlTemplate\":\"https:\/\/2024.eret-tortechnik.de\/?s={search_term_string}\"},\"query-input\":{\"@type\":\"PropertyValueSpecification\",\"valueRequired\":true,\"valueName\":\"search_term_string\"}}],\"inLanguage\":\"nl-NL-formal\"},{\"@type\":\"Organization\",\"@id\":\"https:\/\/2024.eret-tortechnik.de\/#organization\",\"name\":\"ERET-Tortechnik GmbH - Schnelllauftore\",\"url\":\"https:\/\/2024.eret-tortechnik.de\/\",\"logo\":{\"@type\":\"ImageObject\",\"inLanguage\":\"nl-NL-formal\",\"@id\":\"https:\/\/2024.eret-tortechnik.de\/#\/schema\/logo\/image\/\",\"url\":\"https:\/\/eret-tortechnik.de\/wp-content\/uploads\/2020\/12\/cropped-eret-logo-500-min.jpg\",\"contentUrl\":\"https:\/\/eret-tortechnik.de\/wp-content\/uploads\/2020\/12\/cropped-eret-logo-500-min.jpg\",\"width\":512,\"height\":512,\"caption\":\"ERET-Tortechnik GmbH - Schnelllauftore\"},\"image\":{\"@id\":\"https:\/\/2024.eret-tortechnik.de\/#\/schema\/logo\/image\/\"},\"sameAs\":[\"https:\/\/www.facebook.com\/SchwaebischeTormanufaktur\"]},{\"@type\":\"Person\",\"@id\":\"https:\/\/2024.eret-tortechnik.de\/#\/schema\/person\/2630ed97717af66fe2a51be12ffe2ac6\",\"name\":\"Simon Sch\u00e4ffer\",\"image\":{\"@type\":\"ImageObject\",\"inLanguage\":\"nl-NL-formal\",\"@id\":\"https:\/\/2024.eret-tortechnik.de\/#\/schema\/person\/image\/\",\"url\":\"https:\/\/secure.gravatar.com\/avatar\/cba20df249ebcfe54e9379937df961bd?s=96&d=mm&r=g\",\"contentUrl\":\"https:\/\/secure.gravatar.com\/avatar\/cba20df249ebcfe54e9379937df961bd?s=96&d=mm&r=g\",\"caption\":\"Simon Sch\u00e4ffer\"},\"url\":\"https:\/\/2024.eret-tortechnik.de\/nl\/author\/admin\/\"}]}<\/script>\n<!-- \/ Yoast SEO plugin. -->","yoast_head_json":{"title":"Extreme Windlasten - ProLine und AluLine Schnelllauftore","robots":{"index":"index","follow":"follow","max-snippet":"max-snippet:-1","max-image-preview":"max-image-preview:large","max-video-preview":"max-video-preview:-1"},"canonical":"https:\/\/2024.eret-tortechnik.de\/nl\/extreme-windlasten\/","og_locale":"nl_NL","og_type":"article","og_title":"Extreme Windlasten - ProLine und AluLine Schnelllauftore","og_description":"Das Eret Schnelllauftor AluLine ASE-S\/120 hat in der Gr\u00f6\u00dfe von 5 x 5 m soeben den Winddruck Test mit dem Maximalwert \"Windklasse 5\" bestanden. Damit ist das Schnelllauftor f\u00fcr Windst\u00e4rken oberhalb Windst\u00e4rke 12 (Orkan) getestet und zugelassen. In der Versuchsanordnung des T\u00dcV zeigte das Tor nur eine minimale Durchbiegung.","og_url":"https:\/\/2024.eret-tortechnik.de\/nl\/extreme-windlasten\/","og_site_name":"ProLine und AluLine Schnelllauftore","article_publisher":"https:\/\/www.facebook.com\/SchwaebischeTormanufaktur","article_published_time":"2020-08-12T12:18:52+00:00","article_modified_time":"2022-11-16T17:10:26+00:00","og_image":[{"width":2000,"height":1500,"url":"https:\/\/2024.eret-tortechnik.de\/wp-content\/uploads\/2020\/08\/ASE_S_120_BANNER_24.jpg","type":"image\/jpeg"}],"author":"Simon Sch\u00e4ffer","twitter_card":"summary_large_image","twitter_misc":{"Written by":"Simon Sch\u00e4ffer","Est. reading time":"1 minute"},"schema":{"@context":"https:\/\/schema.org","@graph":[{"@type":"Article","@id":"https:\/\/2024.eret-tortechnik.de\/extreme-windlasten\/#article","isPartOf":{"@id":"https:\/\/2024.eret-tortechnik.de\/extreme-windlasten\/"},"author":{"name":"Simon Sch\u00e4ffer","@id":"https:\/\/2024.eret-tortechnik.de\/#\/schema\/person\/2630ed97717af66fe2a51be12ffe2ac6"},"headline":"Extreme Windlasten","datePublished":"2020-08-12T12:18:52+00:00","dateModified":"2022-11-16T17:10:26+00:00","mainEntityOfPage":{"@id":"https:\/\/2024.eret-tortechnik.de\/extreme-windlasten\/"},"wordCount":124,"publisher":{"@id":"https:\/\/2024.eret-tortechnik.de\/#organization"},"image":{"@id":"https:\/\/2024.eret-tortechnik.de\/extreme-windlasten\/#primaryimage"},"thumbnailUrl":"https:\/\/2024.eret-tortechnik.de\/wp-content\/uploads\/2020\/08\/ASE_S_120_BANNER_24.jpg","keywords":["AluLine","ERET","Schnelllauftor","T\u00dcV","Windlast","Windlasten"],"articleSection":["Aktuell","News","Schnelllauftore: Neuigkeiten"],"inLanguage":"nl-NL-formal"},{"@type":"WebPage","@id":"https:\/\/2024.eret-tortechnik.de\/extreme-windlasten\/","url":"https:\/\/2024.eret-tortechnik.de\/extreme-windlasten\/","name":"Extreme Windlasten - ProLine und AluLine Schnelllauftore","isPartOf":{"@id":"https:\/\/2024.eret-tortechnik.de\/#website"},"primaryImageOfPage":{"@id":"https:\/\/2024.eret-tortechnik.de\/extreme-windlasten\/#primaryimage"},"image":{"@id":"https:\/\/2024.eret-tortechnik.de\/extreme-windlasten\/#primaryimage"},"thumbnailUrl":"https:\/\/2024.eret-tortechnik.de\/wp-content\/uploads\/2020\/08\/ASE_S_120_BANNER_24.jpg","datePublished":"2020-08-12T12:18:52+00:00","dateModified":"2022-11-16T17:10:26+00:00","breadcrumb":{"@id":"https:\/\/2024.eret-tortechnik.de\/extreme-windlasten\/#breadcrumb"},"inLanguage":"nl-NL-formal","potentialAction":[{"@type":"ReadAction","target":["https:\/\/2024.eret-tortechnik.de\/extreme-windlasten\/"]}]},{"@type":"ImageObject","inLanguage":"nl-NL-formal","@id":"https:\/\/2024.eret-tortechnik.de\/extreme-windlasten\/#primaryimage","url":"https:\/\/2024.eret-tortechnik.de\/wp-content\/uploads\/2020\/08\/ASE_S_120_BANNER_24.jpg","contentUrl":"https:\/\/2024.eret-tortechnik.de\/wp-content\/uploads\/2020\/08\/ASE_S_120_BANNER_24.jpg","width":2000,"height":1500},{"@type":"BreadcrumbList","@id":"https:\/\/2024.eret-tortechnik.de\/extreme-windlasten\/#breadcrumb","itemListElement":[{"@type":"ListItem","position":1,"name":"Startseite","item":"https:\/\/2024.eret-tortechnik.de\/"},{"@type":"ListItem","position":2,"name":"Extreme Windlasten"}]},{"@type":"WebSite","@id":"https:\/\/2024.eret-tortechnik.de\/#website","url":"https:\/\/2024.eret-tortechnik.de\/","name":"ProLine und AluLine Schnelllauftore","description":"Alu-Schnelllauftore  |  flexible Schnelllauftore  |  Design Rolltore  |  individueller Torbau","publisher":{"@id":"https:\/\/2024.eret-tortechnik.de\/#organization"},"potentialAction":[{"@type":"SearchAction","target":{"@type":"EntryPoint","urlTemplate":"https:\/\/2024.eret-tortechnik.de\/?s={search_term_string}"},"query-input":{"@type":"PropertyValueSpecification","valueRequired":true,"valueName":"search_term_string"}}],"inLanguage":"nl-NL-formal"},{"@type":"Organization","@id":"https:\/\/2024.eret-tortechnik.de\/#organization","name":"ERET-Tortechnik GmbH - Schnelllauftore","url":"https:\/\/2024.eret-tortechnik.de\/","logo":{"@type":"ImageObject","inLanguage":"nl-NL-formal","@id":"https:\/\/2024.eret-tortechnik.de\/#\/schema\/logo\/image\/","url":"https:\/\/eret-tortechnik.de\/wp-content\/uploads\/2020\/12\/cropped-eret-logo-500-min.jpg","contentUrl":"https:\/\/eret-tortechnik.de\/wp-content\/uploads\/2020\/12\/cropped-eret-logo-500-min.jpg","width":512,"height":512,"caption":"ERET-Tortechnik GmbH - Schnelllauftore"},"image":{"@id":"https:\/\/2024.eret-tortechnik.de\/#\/schema\/logo\/image\/"},"sameAs":["https:\/\/www.facebook.com\/SchwaebischeTormanufaktur"]},{"@type":"Person","@id":"https:\/\/2024.eret-tortechnik.de\/#\/schema\/person\/2630ed97717af66fe2a51be12ffe2ac6","name":"Simon Sch\u00e4ffer","image":{"@type":"ImageObject","inLanguage":"nl-NL-formal","@id":"https:\/\/2024.eret-tortechnik.de\/#\/schema\/person\/image\/","url":"https:\/\/secure.gravatar.com\/avatar\/cba20df249ebcfe54e9379937df961bd?s=96&d=mm&r=g","contentUrl":"https:\/\/secure.gravatar.com\/avatar\/cba20df249ebcfe54e9379937df961bd?s=96&d=mm&r=g","caption":"Simon Sch\u00e4ffer"},"url":"https:\/\/2024.eret-tortechnik.de\/nl\/author\/admin\/"}]}},"_links":{"self":[{"href":"https:\/\/2024.eret-tortechnik.de\/nl\/wp-json\/wp\/v2\/posts\/3892","targetHints":{"allow":["GET"]}}],"collection":[{"href":"https:\/\/2024.eret-tortechnik.de\/nl\/wp-json\/wp\/v2\/posts"}],"about":[{"href":"https:\/\/2024.eret-tortechnik.de\/nl\/wp-json\/wp\/v2\/types\/post"}],"author":[{"embeddable":true,"href":"https:\/\/2024.eret-tortechnik.de\/nl\/wp-json\/wp\/v2\/users\/9"}],"replies":[{"embeddable":true,"href":"https:\/\/2024.eret-tortechnik.de\/nl\/wp-json\/wp\/v2\/comments?post=3892"}],"version-history":[{"count":2,"href":"https:\/\/2024.eret-tortechnik.de\/nl\/wp-json\/wp\/v2\/posts\/3892\/revisions"}],"predecessor-version":[{"id":8615,"href":"https:\/\/2024.eret-tortechnik.de\/nl\/wp-json\/wp\/v2\/posts\/3892\/revisions\/8615"}],"wp:featuredmedia":[{"embeddable":true,"href":"https:\/\/2024.eret-tortechnik.de\/nl\/wp-json\/wp\/v2\/media\/8613"}],"wp:attachment":[{"href":"https:\/\/2024.eret-tortechnik.de\/nl\/wp-json\/wp\/v2\/media?parent=3892"}],"wp:term":[{"taxonomy":"category","embeddable":true,"href":"https:\/\/2024.eret-tortechnik.de\/nl\/wp-json\/wp\/v2\/categories?post=3892"},{"taxonomy":"post_tag","embeddable":true,"href":"https:\/\/2024.eret-tortechnik.de\/nl\/wp-json\/wp\/v2\/tags?post=3892"}],"curies":[{"name":"wp","href":"https:\/\/api.w.org\/{rel}","templated":true}]}}